{"id":1007,"date":"2023-08-09T22:25:07","date_gmt":"2023-08-09T22:25:07","guid":{"rendered":"https:\/\/www.upa.cl\/wp\/?p=1007"},"modified":"2023-08-09T22:25:07","modified_gmt":"2023-08-09T22:25:07","slug":"cappuccino-veggie-a-luca","status":"publish","type":"post","link":"https:\/\/www.upa.cl\/wp\/cappuccino-veggie-a-luca\/","title":{"rendered":"Cappuccino veggie a luca"},"content":{"rendered":"<p>Como le\u00edste \ud83d\udc49 \u00a1A LUCA! \ud83e\udd29 Tu cappuccino con leche vegetal \ud83c\udf31 no s\u00f3lo es exquisito, \u00a1tambi\u00e9n est\u00e1 a un precio incre\u00edble!.<\/p>\n<p>Oferta v\u00e1lida desde el lunes 7 de agosto hasta el viernes 15 de septiembre de 2023.<\/p>\n<p>\u00a1Te esperamos en nuestras tiendas adheridas!<\/p>\n<h3>Regi\u00f3n de Tarapac\u00e1<\/h3>\n<ul>\n<li>Av. Playa Brava 1.851, Iquique<\/li>\n<li>Manuel Rodr\u00edguez 705\/Vivar, Iquique<\/li>\n<\/ul>\n<h3>Regi\u00f3n de Antofagasta<\/h3>\n<ul>\n<li>Av. Argentina 1105\/D\u00edaz Gana, Antofagasta<\/li>\n<li>Pedro Aguirre Cerda 8.450, Antofagasta<\/li>\n<li>Pedro Aguirre Cerda 10.615, Antofagasta<\/li>\n<\/ul>\n<h3>Regi\u00f3n de Atacama<\/h3>\n<ul>\n<li>Copayapu 5.320, Copiap\u00f3<\/li>\n<\/ul>\n<h3>Regi\u00f3n de Coquimbo<\/h3>\n<ul>\n<li>Caupolic\u00e1n 412, Punitaqui<\/li>\n<li>Ruta D43 N\u00b01.011 Sector Tierras Blancas, Coquimbo<\/li>\n<li>Panamericana Norte Km. 460, La Herradura, Coquimbo<\/li>\n<li>Av. Manuel Balmaceda 5.505, La Serena<\/li>\n<li>Balmaceda esquina 4 Esquinas, La Serena<\/li>\n<li>Av. Islon\/Nicaragua, La Serena<\/li>\n<li>Ruta D43 Km 4.5, Ovalle<\/li>\n<\/ul>\n<h3>Regi\u00f3n de Valpara\u00edso<\/h3>\n<ul>\n<li>Panamericana Norte Km. 108, Hijuelas<\/li>\n<li>Panamericana Norte Km. 118, Nogales<\/li>\n<li>Av. Santa Teresa 133, Los Andes<\/li>\n<li>Av. Valpara\u00edso 299, Villa Alemana<\/li>\n<li>Diego Portales 1356, Casablanca<\/li>\n<li>Av. Valpara\u00edso 2150, Quillota<\/li>\n<li>Av. Ram\u00f3n Freire 1551, esquina Condell, Quillota<\/li>\n<li>Camino Internacional 2.440, Re\u00f1aca Alto, Vi\u00f1a del Mar<\/li>\n<li>Edmundo Eluchans 1.850, Vi\u00f1a del Mar<\/li>\n<li>Camino Internacional 1.350, Vi\u00f1a del Mar<\/li>\n<li>Av. Libertad 602, Vi\u00f1a del Mar<\/li>\n<li>Av. Errazuriz 798, Valpara\u00edso<\/li>\n<li>Av. Espa\u00f1a s\/n\u00b0 esquina Yolanda, Valpara\u00edso<\/li>\n<li>Merced 3, San Felipe<\/li>\n<\/ul>\n<h3>Regi\u00f3n Metropolitana<\/h3>\n<ul>\n<li>Av. Am\u00e9rico Vespucio Norte N\u00b0 931, Huechuraba<\/li>\n<li>Walker Mart\u00ednez 1940\/Chac\u00f3n Zamora, La Florida<\/li>\n<li>Colombia N\u00ba 7111, La Florida<\/li>\n<li>Av. Vicu\u00f1a Mackenna N\u00b0 9840, La Florida<\/li>\n<li>Am\u00e9rico Vespucio 1.828 Rotonda Grecia, Pe\u00f1alol\u00e9n<\/li>\n<li>Av. Tobalaba 11.835, Pe\u00f1alol\u00e9n <\/li>\n<li>Tobalaba N\u00b0 14.007, Pe\u00f1alol\u00e9n<\/li>\n<li>Diego Portales 6303\/Ciudad del Este, Puente Alto<\/li>\n<li>Av. Eyzaguirre Lote A 02509, Puente Alto<\/li>\n<li>Av. Camilo Henr\u00edquez 3.160, Puente Alto<\/li>\n<li>Eyzaguirre N\u00b0 1.300, Puente Alto<\/li>\n<li>Av. Am\u00e9rico Vespucio 2503 \/ General Vel\u00e1squez, Cerrillos<\/li>\n<li>Ingeniero Eduardo Dom\u00ednguez 666, Maip\u00fa<\/li>\n<li>Av. Los Pajaritos 2.855, Maip\u00fa<\/li>\n<li>Av. Am\u00e9rico Vespucio 2.025, Maip\u00fa<\/li>\n<li>Alberto Llona 625\/Reyes, Maip\u00fa<\/li>\n<li>Av. Los Halcones 2.210, Lampa<\/li>\n<li>Concha y Toro 02464, Pirque<\/li>\n<li>Av. 21 De Mayo 1.191, Talagante<\/li>\n<li>Calera de Tango Paradero 13, Calera de Tango<\/li>\n<li>Av. Freire 600\/Covadonga, San Bernardo<\/li>\n<li>Ruta 5 Sur KM 28.5, San Bernardo<\/li>\n<li>Dominica 217, Recoleta<\/li>\n<li>San Diego 1409\/Victoria, Santiago<\/li>\n<li>Portugal 300\/Mar\u00edn, Santiago<\/li>\n<li>Av. Brasil 164\/Agustinas, Santiago<\/li>\n<li>Portugal N\u00b0 175, Santiago<\/li>\n<li>Am\u00e9rico Vespucio 5.542, Macul<\/li>\n<li>Av. Jos\u00e9 Pedro Alessandri 1.135\/Grecia, \u00d1u\u00f1oa<\/li>\n<li>Pedro de Valdivia N\u00b0 3.565, \u00d1u\u00f1oa<\/li>\n<li>Av. Ossa N\u00ba 800, \u00d1u\u00f1oa<\/li>\n<li>Av. Larra\u00edn 8.511\/Ossand\u00f3n, La Reina<\/li>\n<li>Av. Sta.Mar\u00eda 0888\/Pi\u00f1ones, Providencia<\/li>\n<li>Av. Patagonia 75, Las Condes<\/li>\n<li>Av. Las Condes 8.321\/Laura Neves, Las Condes<\/li>\n<li>Av. Crist\u00f3bal Col\u00f3n 4.359 \/Am\u00e9rico Vespucio, Las Condes<\/li>\n<li>Av. Sta. Mar\u00eda 6730\/Luis Pasteur, Vitacura<\/li>\n<\/ul>\n<h3>Regi\u00f3n Libertador General Bernardo O&#8217;Higgins<\/h3>\n<ul>\n<li>Av. Libertador Bernardo O&#8217;Higgins 0413, San Fernando<\/li>\n<li>O`Higgins \/ Balmaceda N\u00ba 9, Rancagua<\/li>\n<li>Republica de Chile N\u00b0 0180, Rancagua<\/li>\n<\/ul>\n<h3>Regi\u00f3n del Maule<\/h3>\n<ul>\n<li>Ruta 5 Sur Km. 344 , Parral Carretera, Parral<\/li>\n<li>Panamericana Sur Km. 195, Curic\u00f3<\/li>\n<li>Av. Alessandri N\u00ba 1210, Curic\u00f3<\/li>\n<li>Av. Brasil N\u00b0722, Linares<\/li>\n<li>Av. Brasil N\u00b0 570, Linares<\/li>\n<li>Ruta 5 Sur N\u00b0 2.255, Talca<\/li>\n<li>18 Oriente 400 \/8 Sur, Talca<\/li>\n<\/ul>\n<h3>Regi\u00f3n de \u00d1uble<\/h3>\n<ul>\n<li>Ruta 5 Sur Km. 408,5, Chill\u00e1n<\/li>\n<li>Av. Vicente M\u00e9ndez 1.344, Chill\u00e1n<\/li>\n<li>Longitudinal Sur n\u00ba 7-33 Esquina Ecuador, Chill\u00e1n<\/li>\n<li>Av. Vicente M\u00e9ndez 1.182, Chill\u00e1n<\/li>\n<\/ul>\n<h3>Regi\u00f3n del B\u00edobio<\/h3>\n<ul>\n<li>Manuel Rodr\u00edguez 2175, Chiguayante<\/li>\n<li>Las Violetas 1.292, Sector Huertos Familiares, San Pedro de la Paz<\/li>\n<li>Av. Michimalongo 1120, San Pedro de la Paz<\/li>\n<li>Camino a Coronel Km. 19, Coronel<\/li>\n<li>Av. Carlos Pratt 1.300, Coronel<\/li>\n<li>Av. Pedro de Valdivia 904, Concepci\u00f3n<\/li>\n<li>Paicavi 1122, Concepci\u00f3n<\/li>\n<li>Los Carerra N\u00b0 1.499, Concepci\u00f3n<\/li>\n<li>Av. Crist\u00f3bal Col\u00f3n 8.955, Concepci\u00f3n<\/li>\n<li>Paicavi 1.769, Concepci\u00f3n<\/li>\n<li>Los Carrera N\u00b0 218, Concepci\u00f3n<\/li>\n<li>Ruta 5 Sur Km.470 Monte \u00c1guila, Cabrero<\/li>\n<li>Camino a Carampangue Ruta P 20, Numero 159, Arauco<\/li>\n<\/ul>\n<h3>Regi\u00f3n de La Araucan\u00eda<\/h3>\n<ul>\n<li>Aviador Acevedo 720, Villarrica<\/li>\n<li>Camino Internacional N\u00b0 2215, El Claro, Puc\u00f3n<\/li>\n<li>Caupolic\u00e1n N\u00b0 015, Temuco<\/li>\n<li>Nahuelbuta 01475, Temuco<\/li>\n<li>Panamericana Sur Km. 2 (salida sur Temuco), Temuco<\/li>\n<\/ul>\n<h3>Regi\u00f3n de Los R\u00edos<\/h3>\n<ul>\n<li>Concepci\u00f3n 599, Ranco<\/li>\n<li>Ruta 5 Sur Km. 834, Los Lagos<\/li>\n<li>Ruta 5 Sur Km. 866, Pichirropulli, Paillaco<\/li>\n<li>Av. Los Robles N\u00ba 030, Valdivia<\/li>\n<\/ul>\n<h3>Regi\u00f3n de Los Lagos<\/h3>\n<ul>\n<li>Quillota N\u00b0 218, Puerto Montt<\/li>\n<li>Urmeneta N\u00b0 1.070, Puerto Montt<\/li>\n<li>Presidente Ib\u00e1\u00f1ez 2.002, Esquina Cardonal, Puerto Montt<\/li>\n<li>Avda Monse\u00f1or Munita 1.494, Puerto Montt<\/li>\n<li>Panamericana Norte s\/n,  Ten-Ten, Castro<\/li>\n<li>San Francisco N\u00b01.206, Puerto Varas<\/li>\n<\/ul>\n","protected":false},"excerpt":{"rendered":"<p>Como le\u00edste \ud83d\udc49 \u00a1A LUCA! \ud83e\udd29 Tu cappuccino con leche vegetal \ud83c\udf31 no s\u00f3lo es exquisito, \u00a1tambi\u00e9n est\u00e1 a un precio incre\u00edble!. Oferta v\u00e1lida desde el lunes 7 de agosto hasta el viernes 15 de septiembre de 2023. \u00a1Te esperamos en nuestras tiendas adheridas! Regi\u00f3n de Tarapac\u00e1 Av. Playa Brava 1.851, Iquique Manuel Rodr\u00edguez 705\/Vivar, [&hellip;]<\/p>\n","protected":false},"author":2,"featured_media":1008,"comment_status":"open","ping_status":"open","sticky":false,"template":"","format":"standard","meta":{"footnotes":""},"categories":[1],"tags":[],"class_list":["post-1007","post","type-post","status-publish","format-standard","has-post-thumbnail","hentry","category-blog"],"acf":[],"aioseo_notices":[],"_links":{"self":[{"href":"https:\/\/www.upa.cl\/wp\/wp-json\/wp\/v2\/posts\/1007","targetHints":{"allow":["GET"]}}],"collection":[{"href":"https:\/\/www.upa.cl\/wp\/wp-json\/wp\/v2\/posts"}],"about":[{"href":"https:\/\/www.upa.cl\/wp\/wp-json\/wp\/v2\/types\/post"}],"author":[{"embeddable":true,"href":"https:\/\/www.upa.cl\/wp\/wp-json\/wp\/v2\/users\/2"}],"replies":[{"embeddable":true,"href":"https:\/\/www.upa.cl\/wp\/wp-json\/wp\/v2\/comments?post=1007"}],"version-history":[{"count":1,"href":"https:\/\/www.upa.cl\/wp\/wp-json\/wp\/v2\/posts\/1007\/revisions"}],"predecessor-version":[{"id":1009,"href":"https:\/\/www.upa.cl\/wp\/wp-json\/wp\/v2\/posts\/1007\/revisions\/1009"}],"wp:featuredmedia":[{"embeddable":true,"href":"https:\/\/www.upa.cl\/wp\/wp-json\/wp\/v2\/media\/1008"}],"wp:attachment":[{"href":"https:\/\/www.upa.cl\/wp\/wp-json\/wp\/v2\/media?parent=1007"}],"wp:term":[{"taxonomy":"category","embeddable":true,"href":"https:\/\/www.upa.cl\/wp\/wp-json\/wp\/v2\/categories?post=1007"},{"taxonomy":"post_tag","embeddable":true,"href":"https:\/\/www.upa.cl\/wp\/wp-json\/wp\/v2\/tags?post=1007"}],"curies":[{"name":"wp","href":"https:\/\/api.w.org\/{rel}","templated":true}]}}